{"id":4773,"global_id":"100anni.units.it?id=4773","global_id_lineage":["100anni.units.it?id=4773"],"author":"1","status":"publish","date":"2024-04-09 15:33:39","date_utc":"2024-04-09 13:33:39","modified":"2024-04-09 17:44:10","modified_utc":"2024-04-09 15:44:10","url":"https:\/\/100anni.units.it\/index.php\/evento\/laurea-magistrale-honoris-causa-in-giurisprudenza-al-presidente-della-repubblica-italiana-sergio-mattarella-e-a-borut-pahor\/","rest_url":"https:\/\/100anni.units.it\/index.php\/wp-json\/tribe\/events\/v1\/events\/4773","title":"Laurea Magistrale Honoris Causa in Giurisprudenza al Presidente della Repubblica Italiana Sergio Mattarella e a Borut Pahor","description":"<div  class=\"tribe-events-schedule tribe-clearfix\" >\n\t<h2 class=\"tribe-events-schedule__datetime\">\n\t\t<span class=\"tribe-events-schedule__date tribe-events-schedule__date--start\">\n\t\t\t\t\t<\/span>\n\n\t\t\t\t\t<span class=\"tribe-events-schedule__separator tribe-events-schedule__separator--date\">\n\t\t\t\t ore \t\t\t<\/span>\n\t\t\t<span class=\"tribe-events-schedule__time tribe-events-schedule__time--start\">\n\t\t\t\t\t\t\t<\/span>\n\t\t\n\t\t\t<\/h2>\n<\/div>\n\n\n\n<div class=\"wp-block-columns is-layout-flex wp-container-core-columns-is-layout-9d6595d7 wp-block-columns-is-layout-flex\">\n<div class=\"wp-block-column is-layout-flow wp-block-column-is-layout-flow\">\n<p>L&#8217;Universit\u00e0 degli Studi di Trieste conferir\u00e0 la&nbsp;<strong>Laurea Magistrale&nbsp;<\/strong><em><strong>ad honorem<\/strong><\/em><strong>&nbsp;in Giurisprudenza<\/strong>&nbsp;a&nbsp;<strong>Sergio Mattarella,&nbsp;<\/strong>Presidente della Repubblica Italiana, e a&nbsp;<strong>Borut Pahor,&nbsp;<\/strong>gi\u00e0 Presidente della Repubblica di Slovenia.<\/p>\n\n\n\n<p>La cerimonia si svolger\u00e0&nbsp;<strong>venerd\u00ec 12 aprile,&nbsp;<\/strong>alle&nbsp;<strong>ore 11.00,<\/strong>&nbsp;nell&#8217;<strong>Aula<\/strong>&nbsp;<strong>Magna<\/strong>&nbsp;<strong>dell&#8217;edificio A&nbsp;<\/strong>(Campus di Piazzale Europa). L&#8217;evento sar\u00e0 trasmesso in&nbsp;<strong>diretta streaming<\/strong>&nbsp;sul&nbsp;<a href=\"https:\/\/customer45849.musvc2.net\/e\/tr?q=4%3dAaUUF%26H%3dO%26E%3d8XNV%26v%3dWUa9XS%26L%3doPGGz_NntW_YX_IXym_SM_NntW_XcN4S.LF2PH3l.9BD_ywpq_9l_ErZv_QabJ6MlNF01716nH6t1Q10kEqIpAFKl%260%3d0LzRzS.uAG%260z%3dYVSA%26PF%3dSGXQaAfRRBYNVF%26D%3dV28aQUBXOahbSUEdSYiARXAbS3Fa1WhX3alc3Rl0y2i0VajBTXjcz2BAyV2h7xA7UVh8&amp;mupckp=mupAtu4m8OiX0wt\" target=\"_blank\" rel=\"noreferrer noopener\">canale YouTube di Ateneo<\/a>.<\/p>\n\n\n\n<p><strong>Per l\u2019occasione,<\/strong> grazie alla collaborazione di&nbsp;<strong>Trieste Trasporti<\/strong>&nbsp;e della&nbsp;<strong>Regione Autonoma Friuli Venezia Giulia<\/strong>, \u00e8 previsto un significativo potenziamento del trasporto urbano da e per Piazzale Europa che render\u00e0&nbsp;<strong>pi\u00f9 frequente il passaggio degli autobus della linea n. 17\/<\/strong>.<\/p>\n\n\n\n<p><strong>Gioved\u00ec 11 aprile<\/strong>&nbsp;<br>Interdetti l\u2019accesso e il parcheggio dei veicoli ai&nbsp;<strong>varchi 2 &#8211; 3 &#8211; 4 &#8211; 5.<\/strong>&nbsp;<br>Non sar\u00e0 possibile parcheggiare lungo tutto il tratto dal varco 5 fino alla fermata del bus \u201cvia Fabio Severo \u2013 Universit\u00e0\u201d.<\/p>\n\n\n\n<p><strong>Venerd\u00ec 12 aprile<\/strong>&nbsp;<br>Interdetti l\u2019accesso e il parcheggio dei veicoli ai&nbsp;<strong>varchi 2 &#8211; 3 &#8211; 4 &#8211; 5 &#8211; 6 &#8211; 7.<\/strong><br>Non sar\u00e0 possibile parcheggiare lungo tutto il tratto dal varco 5 fino alla fermata del bus \u201cvia Fabio Severo \u2013 Universit\u00e0\u201d.<br><br><a href=\"https:\/\/portale.units.it\/sites\/default\/files\/2024-04\/mappa_varchi.png\">Per maggiore chiarezza \u00e8 possibile consultare la mappa<\/a>.&nbsp;<\/p>\n<\/div>\n\n\n\n<div class=\"wp-block-column is-vertically-aligned-top is-layout-flow wp-block-column-is-layout-flow\" style=\"flex-basis:30%\"><div class=\"wp-block-image\">\n<figure class=\"alignleft size-large\"><img loading=\"lazy\" decoding=\"async\" width=\"1024\" height=\"688\" src=\"https:\/\/100anni.units.it\/wp-content\/uploads\/2024\/04\/100UniTS_LaureaHC_Mattarella_Pahor-1024x688.jpg\" alt=\"Foto Mattarella e Pahor LHC\" class=\"wp-image-4784\" srcset=\"https:\/\/100anni.units.it\/wp-content\/uploads\/2024\/04\/100UniTS_LaureaHC_Mattarella_Pahor-1024x688.jpg 1024w, https:\/\/100anni.units.it\/wp-content\/uploads\/2024\/04\/100UniTS_LaureaHC_Mattarella_Pahor-300x202.jpg 300w, https:\/\/100anni.units.it\/wp-content\/uploads\/2024\/04\/100UniTS_LaureaHC_Mattarella_Pahor-768x516.jpg 768w, https:\/\/100anni.units.it\/wp-content\/uploads\/2024\/04\/100UniTS_LaureaHC_Mattarella_Pahor-1536x1032.jpg 1536w, https:\/\/100anni.units.it\/wp-content\/uploads\/2024\/04\/100UniTS_LaureaHC_Mattarella_Pahor-2048x1376.jpg 2048w\" sizes=\"auto, (max-width: 1024px) 100vw, 1024px\" \/><figcaption class=\"wp-element-caption\">Trieste &#8211; Il Presidente della Repubblica Sergio Mattarella e il gi\u00e0 Presidente della Repubblica di Slovenia Borut Pahor in occasione della deposizione di una corona di fiori presso la lastra di ferro che copre l\u2019ingresso della foiba di Basovizza il13 luglio 2020.<br>(Foto di Paolo Giandotti &#8211; Ufficio per la Stampa e la Comunicazione della Presidenza della Repubblica)<\/figcaption><\/figure>\n<\/div><\/div>\n<\/div>\n\n\n\n<div class=\"wp-block-columns are-vertically-aligned-center is-layout-flex wp-container-core-columns-is-layout-9d6595d7 wp-block-columns-is-layout-flex\">\n<div class=\"wp-block-column is-vertically-aligned-center is-layout-flow wp-block-column-is-layout-flow\"><div  class=\"tribe-block tribe-block__venue tribe-clearfix\" >\n\t\n\t\t\n\t<\/div>\n<\/div>\n\n\n\n<div class=\"wp-block-column is-vertically-aligned-center is-layout-flow wp-block-column-is-layout-flow\" style=\"flex-basis:30%\">\n<div class=\"wp-block-group is-vertical is-content-justification-center is-layout-flex wp-container-core-group-is-layout-0472769e wp-block-group-is-layout-flex\">\t<div  class=\"tribe-block tribe-block__events-link\" >\n\t\t<div class=\"tribe-events tribe-common\">\n\t\t\t<div class=\"tribe-events-c-subscribe-dropdown__container\">\n\t\t\t\t<div class=\"tribe-events-c-subscribe-dropdown\">\n\t\t\t\t\t<div class=\"tribe-common-c-btn-border tribe-events-c-subscribe-dropdown__button\" tabindex=\"0\">\n\t\t\t\t\t\t<svg  class=\"tribe-common-c-svgicon tribe-common-c-svgicon--cal-export tribe-events-c-subscribe-dropdown__export-icon\"  viewBox=\"0 0 23 17\" xmlns=\"http:\/\/www.w3.org\/2000\/svg\">\n  <path fill-rule=\"evenodd\" clip-rule=\"evenodd\" d=\"M.128.896V16.13c0 .211.145.383.323.383h15.354c.179 0 .323-.172.323-.383V.896c0-.212-.144-.383-.323-.383H.451C.273.513.128.684.128.896Zm16 6.742h-.901V4.679H1.009v10.729h14.218v-3.336h.901V7.638ZM1.01 1.614h14.218v2.058H1.009V1.614Z\" \/>\n  <path d=\"M20.5 9.846H8.312M18.524 6.953l2.89 2.909-2.855 2.855\" stroke-width=\"1.2\" stroke-linecap=\"round\" stroke-linejoin=\"round\"\/>\n<\/svg>\n\t\t\t\t\t\t<button class=\"tribe-events-c-subscribe-dropdown__button-text\">\n\t\t\t\t\t\t\tSalva nel tuo calendario\t\t\t\t\t\t<\/button>\n\t\t\t\t\t\t<svg  class=\"tribe-common-c-svgicon tribe-common-c-svgicon--caret-down tribe-events-c-subscribe-dropdown__button-icon\"  viewBox=\"0 0 10 7\" xmlns=\"http:\/\/www.w3.org\/2000\/svg\"><path fill-rule=\"evenodd\" clip-rule=\"evenodd\" d=\"M1.008.609L5 4.6 8.992.61l.958.958L5 6.517.05 1.566l.958-.958z\" class=\"tribe-common-c-svgicon__svg-fill\"\/><\/svg>\n\t\t\t\t\t<\/div>\n\t\t\t\t\t<div class=\"tribe-events-c-subscribe-dropdown__content\">\n\t\t\t\t\t\t<ul class=\"tribe-events-c-subscribe-dropdown__list\" tabindex=\"0\">\n\t\t\t\t\t\t\t\t\t\t\t\t\t\t\t<li class=\"tribe-events-c-subscribe-dropdown__list-item\">\n\t\t\t\t\t\t\t\t\t<a\n\t\t\t\t\t\t\t\t\t\thref=\"\"\n\t\t\t\t\t\t\t\t\t\tclass=\"tribe-events-c-subscribe-dropdown__list-item-link\"\n\t\t\t\t\t\t\t\t\t\ttabindex=\"0\"\n\t\t\t\t\t\t\t\t\t\ttarget=\"_blank\"\n\t\t\t\t\t\t\t\t\t\trel=\"noopener noreferrer nofollow noindex\"\n\t\t\t\t\t\t\t\t\t>\n\t\t\t\t\t\t\t\t\t\tGoogle Calendar\t\t\t\t\t\t\t\t\t<\/a>\n\t\t\t\t\t\t\t\t<\/li>\n\t\t\t\t\t\t\t\t\t\t\t\t\t\t\t<li class=\"tribe-events-c-subscribe-dropdown__list-item\">\n\t\t\t\t\t\t\t\t\t<a\n\t\t\t\t\t\t\t\t\t\thref=\"\"\n\t\t\t\t\t\t\t\t\t\tclass=\"tribe-events-c-subscribe-dropdown__list-item-link\"\n\t\t\t\t\t\t\t\t\t\ttabindex=\"0\"\n\t\t\t\t\t\t\t\t\t\ttarget=\"_blank\"\n\t\t\t\t\t\t\t\t\t\trel=\"noopener noreferrer nofollow noindex\"\n\t\t\t\t\t\t\t\t\t>\n\t\t\t\t\t\t\t\t\t\tiCalendar\t\t\t\t\t\t\t\t\t<\/a>\n\t\t\t\t\t\t\t\t<\/li>\n\t\t\t\t\t\t\t\t\t\t\t\t\t\t\t<li class=\"tribe-events-c-subscribe-dropdown__list-item\">\n\t\t\t\t\t\t\t\t\t<a\n\t\t\t\t\t\t\t\t\t\thref=\"\"\n\t\t\t\t\t\t\t\t\t\tclass=\"tribe-events-c-subscribe-dropdown__list-item-link\"\n\t\t\t\t\t\t\t\t\t\ttabindex=\"0\"\n\t\t\t\t\t\t\t\t\t\ttarget=\"_blank\"\n\t\t\t\t\t\t\t\t\t\trel=\"noopener noreferrer nofollow noindex\"\n\t\t\t\t\t\t\t\t\t>\n\t\t\t\t\t\t\t\t\t\tOutlook 365\t\t\t\t\t\t\t\t\t<\/a>\n\t\t\t\t\t\t\t\t<\/li>\n\t\t\t\t\t\t\t\t\t\t\t\t\t\t\t<li class=\"tribe-events-c-subscribe-dropdown__list-item\">\n\t\t\t\t\t\t\t\t\t<a\n\t\t\t\t\t\t\t\t\t\thref=\"\"\n\t\t\t\t\t\t\t\t\t\tclass=\"tribe-events-c-subscribe-dropdown__list-item-link\"\n\t\t\t\t\t\t\t\t\t\ttabindex=\"0\"\n\t\t\t\t\t\t\t\t\t\ttarget=\"_blank\"\n\t\t\t\t\t\t\t\t\t\trel=\"noopener noreferrer nofollow noindex\"\n\t\t\t\t\t\t\t\t\t>\n\t\t\t\t\t\t\t\t\t\tOutlook Live\t\t\t\t\t\t\t\t\t<\/a>\n\t\t\t\t\t\t\t\t<\/li>\n\t\t\t\t\t\t\t\t\t\t\t\t\t<\/ul>\n\t\t\t\t\t<\/div>\n\t\t\t\t<\/div>\n\t\t\t<\/div>\n\t\t<\/div>\n\t<\/div>\n\n<\/div>\n<\/div>\n<\/div>\n\n\n\n<div style=\"height:100px\" aria-hidden=\"true\" class=\"wp-block-spacer\"><\/div>","excerpt":"<p>Diretta streaming sul canale YouTube di Ateneo<\/p>","slug":"laurea-magistrale-honoris-causa-in-giurisprudenza-al-presidente-della-repubblica-italiana-sergio-mattarella-e-a-borut-pahor","image":{"url":"https:\/\/100anni.units.it\/wp-content\/uploads\/2024\/04\/100UniTS_LaureaHC_Mattarella_Pahor.jpg","id":4784,"extension":"jpg","width":2378,"height":1598,"filesize":1213683,"sizes":{"medium":{"width":300,"height":202,"mime-type":"image\/jpeg","filesize":22610,"url":"https:\/\/100anni.units.it\/wp-content\/uploads\/2024\/04\/100UniTS_LaureaHC_Mattarella_Pahor-300x202.jpg"},"large":{"width":1024,"height":688,"mime-type":"image\/jpeg","filesize":201074,"url":"https:\/\/100anni.units.it\/wp-content\/uploads\/2024\/04\/100UniTS_LaureaHC_Mattarella_Pahor-1024x688.jpg"},"thumbnail":{"width":150,"height":150,"mime-type":"image\/jpeg","filesize":9276,"url":"https:\/\/100anni.units.it\/wp-content\/uploads\/2024\/04\/100UniTS_LaureaHC_Mattarella_Pahor-150x150.jpg"},"medium_large":{"width":768,"height":516,"mime-type":"image\/jpeg","filesize":122168,"url":"https:\/\/100anni.units.it\/wp-content\/uploads\/2024\/04\/100UniTS_LaureaHC_Mattarella_Pahor-768x516.jpg"},"1536x1536":{"width":1536,"height":1032,"mime-type":"image\/jpeg","filesize":401265,"url":"https:\/\/100anni.units.it\/wp-content\/uploads\/2024\/04\/100UniTS_LaureaHC_Mattarella_Pahor-1536x1032.jpg"},"2048x2048":{"width":2048,"height":1376,"mime-type":"image\/jpeg","filesize":639376,"url":"https:\/\/100anni.units.it\/wp-content\/uploads\/2024\/04\/100UniTS_LaureaHC_Mattarella_Pahor-2048x1376.jpg"},"neve-blog":{"width":930,"height":620,"mime-type":"image\/jpeg","filesize":170249,"url":"https:\/\/100anni.units.it\/wp-content\/uploads\/2024\/04\/100UniTS_LaureaHC_Mattarella_Pahor-930x620.jpg"}}},"all_day":false,"start_date":"2024-04-12 11:00:00","start_date_details":{"year":"2024","month":"04","day":"12","hour":"11","minutes":"00","seconds":"00"},"end_date":"2024-04-12 12:30:00","end_date_details":{"year":"2024","month":"04","day":"12","hour":"12","minutes":"30","seconds":"00"},"utc_start_date":"2024-04-12 09:00:00","utc_start_date_details":{"year":"2024","month":"04","day":"12","hour":"09","minutes":"00","seconds":"00"},"utc_end_date":"2024-04-12 10:30:00","utc_end_date_details":{"year":"2024","month":"04","day":"12","hour":"10","minutes":"30","seconds":"00"},"timezone":"Europe\/Rome","timezone_abbr":"","cost":"","cost_details":{"currency_symbol":"\u20ac","currency_code":"EUR","currency_position":"prefix","values":[]},"website":"","show_map":false,"show_map_link":false,"hide_from_listings":false,"sticky":false,"featured":false,"categories":[{"name":"Ateneo","slug":"ateneo","term_group":0,"term_taxonomy_id":3,"taxonomy":"tribe_events_cat","description":"","parent":0,"count":108,"filter":"raw","id":3,"urls":{"self":"https:\/\/100anni.units.it\/index.php\/wp-json\/tribe\/events\/v1\/categories\/3","collection":"https:\/\/100anni.units.it\/index.php\/wp-json\/tribe\/events\/v1\/categories"}}],"tags":[],"venue":{"id":226,"author":"1","status":"publish","date":"2023-08-30 14:07:30","date_utc":"2023-08-30 12:07:30","modified":"2024-01-18 10:47:13","modified_utc":"2024-01-18 09:47:13","url":"https:\/\/100anni.units.it\/index.php\/luogo\/aula-magna-ed-a\/","venue":"Aula Magna, ed. A","slug":"aula-magna-ed-a","address":"Piazzale Europa, 1","city":"Trieste","country":"Italia","province":"TS","state":"TS","zip":"34100","stateprovince":"TS","json_ld":{"@type":"Place","name":"Aula Magna, ed. A","description":"","url":"","address":{"@type":"PostalAddress","streetAddress":"Piazzale Europa, 1","addressLocality":"Trieste","addressRegion":"TS","postalCode":"34100","addressCountry":"Italia"},"telephone":"","sameAs":""},"show_map":true,"show_map_link":true,"global_id":"100anni.units.it?id=226","global_id_lineage":["100anni.units.it?id=226"]},"organizer":[],"json_ld":{"@context":"http:\/\/schema.org","@type":"Event","name":"Laurea Magistrale Honoris Causa in Giurisprudenza al Presidente della Repubblica Italiana Sergio Mattarella e a Borut Pahor","description":"&lt;p&gt;Diretta streaming sul canale YouTube di Ateneo&lt;\/p&gt;\\n","image":"https:\/\/100anni.units.it\/wp-content\/uploads\/2024\/04\/100UniTS_LaureaHC_Mattarella_Pahor.jpg","url":"https:\/\/100anni.units.it\/index.php\/evento\/laurea-magistrale-honoris-causa-in-giurisprudenza-al-presidente-della-repubblica-italiana-sergio-mattarella-e-a-borut-pahor\/","eventAttendanceMode":"https:\/\/schema.org\/OfflineEventAttendanceMode","eventStatus":"https:\/\/schema.org\/EventScheduled","startDate":"2024-04-12T11:00:00+02:00","endDate":"2024-04-12T12:30:00+02:00","location":{"@type":"Place","name":"Aula Magna, ed. A","description":"","url":"","address":{"@type":"PostalAddress","streetAddress":"Piazzale Europa, 1","addressLocality":"Trieste","addressRegion":"TS","postalCode":"34100","addressCountry":"Italia"},"telephone":"","sameAs":""},"performer":"Organization"}}